{"id":15457,"date":"2026-03-16T14:24:39","date_gmt":"2026-03-16T13:24:39","guid":{"rendered":"https:\/\/resetlaser.com\/tabagisme-passif-enfance\/"},"modified":"2026-04-28T16:03:21","modified_gmt":"2026-04-28T14:03:21","slug":"tabaquismo-pasivo-infancia","status":"publish","type":"post","link":"https:\/\/resetlaser.com\/es\/tabaquismo-pasivo-infancia\/","title":{"rendered":"\u00bfCu\u00e1les son las consecuencias del tabaquismo pasivo durante la infancia?"},"content":{"rendered":"\t\t<div data-elementor-type=\"wp-post\" data-elementor-id=\"15457\" class=\"elementor elementor-15457 elementor-15374\">\n\t\t\t\t\t\t<section class=\"elementor-section elementor-top-section elementor-element elementor-element-6c30b716 elementor-section-stretched elementor-section-height-min-height elementor-section-boxed elementor-section-height-default elementor-section-items-middle\" data-id=\"6c30b716\" data-element_type=\"section\" data-e-type=\"section\" data-settings=\"{&quot;stretch_section&quot;:&quot;section-stretched&quot;,&quot;background_background&quot;:&quot;classic&quot;}\">\n\t\t\t\t\t\t<div class=\"elementor-container elementor-column-gap-default\">\n\t\t\t\t\t<div class=\"elementor-column elementor-col-100 elementor-top-column elementor-element elementor-element-6b28ce77\" data-id=\"6b28ce77\" data-element_type=\"column\" data-e-type=\"column\">\n\t\t\t<div class=\"elementor-widget-wrap elementor-element-populated\">\n\t\t\t\t\t\t<section class=\"elementor-section elementor-inner-section elementor-element elementor-element-7df6361f elementor-section-boxed elementor-section-height-default elementor-section-height-default\" data-id=\"7df6361f\" data-element_type=\"section\" data-e-type=\"section\">\n\t\t\t\t\t\t<div class=\"elementor-container elementor-column-gap-default\">\n\t\t\t\t\t<div class=\"elementor-column elementor-col-100 elementor-inner-column elementor-element elementor-element-60a677fc\" data-id=\"60a677fc\" data-element_type=\"column\" data-e-type=\"column\">\n\t\t\t<div class=\"elementor-widget-wrap elementor-element-populated\">\n\t\t\t\t\t\t<div class=\"elementor-element elementor-element-15f534fd elementor-invisible elementor-widget elementor-widget-heading\" data-id=\"15f534fd\" data-element_type=\"widget\" data-e-type=\"widget\" data-settings=\"{&quot;_animation&quot;:&quot;fadeInUp&quot;}\" data-widget_type=\"heading.default\">\n\t\t\t\t<div class=\"elementor-widget-container\">\n\t\t\t\t\t<h1 class=\"elementor-heading-title elementor-size-default\">\u00bfCu\u00e1les son las consecuencias del tabaquismo pasivo durante la infancia?\n\n<\/h1>\t\t\t\t<\/div>\n\t\t\t\t<\/div>\n\t\t\t\t\t<\/div>\n\t\t<\/div>\n\t\t\t\t\t<\/div>\n\t\t<\/section>\n\t\t\t\t\t<\/div>\n\t\t<\/div>\n\t\t\t\t\t<\/div>\n\t\t<\/section>\n\t\t\t\t<section class=\"elementor-section elementor-top-section elementor-element elementor-element-54222754 elementor-section-stretched elementor-section-boxed elementor-section-height-default elementor-section-height-default\" data-id=\"54222754\" data-element_type=\"section\" data-e-type=\"section\" data-settings=\"{&quot;stretch_section&quot;:&quot;section-stretched&quot;,&quot;background_background&quot;:&quot;classic&quot;}\">\n\t\t\t\t\t\t<div class=\"elementor-container elementor-column-gap-default\">\n\t\t\t\t\t<div class=\"elementor-column elementor-col-100 elementor-top-column elementor-element elementor-element-20d7f6f9\" data-id=\"20d7f6f9\" data-element_type=\"column\" data-e-type=\"column\">\n\t\t\t<div class=\"elementor-widget-wrap elementor-element-populated\">\n\t\t\t\t\t\t<section class=\"elementor-section elementor-inner-section elementor-element elementor-element-441d0e7d elementor-section-boxed elementor-section-height-default elementor-section-height-default\" data-id=\"441d0e7d\" data-element_type=\"section\" data-e-type=\"section\">\n\t\t\t\t\t\t<div class=\"elementor-container elementor-column-gap-default\">\n\t\t\t\t\t<div class=\"elementor-column elementor-col-100 elementor-inner-column elementor-element elementor-element-241708e0\" data-id=\"241708e0\" data-element_type=\"column\" data-e-type=\"column\">\n\t\t\t<div class=\"elementor-widget-wrap elementor-element-populated\">\n\t\t\t\t\t\t<div class=\"elementor-element elementor-element-507b964d elementor-invisible elementor-widget elementor-widget-text-editor\" data-id=\"507b964d\" data-element_type=\"widget\" data-e-type=\"widget\" data-settings=\"{&quot;_animation&quot;:&quot;fadeInUp&quot;}\" data-widget_type=\"text-editor.default\">\n\t\t\t\t<div class=\"elementor-widget-container\">\n\t\t\t\t\t\t\t\t\t<p><span style=\"font-weight: 400;\">Quiz\u00e1 usted no fume delante de su hijo. Sin embargo, cuando se enciende un <\/span><b>cigarrillo<\/b><span style=\"font-weight: 400;\"> en su entorno, \u00e9l tambi\u00e9n respira el <\/span><b>humo del tabaco<\/b><span style=\"font-weight: 400;\">. Es lo que se conoce como <\/span><b>tabaquismo pasivo durante la infancia<\/b><span style=\"font-weight: 400;\">: una exposici\u00f3n involuntaria, pero muy real, a las <\/span><b>sustancias nocivas<\/b><span style=\"font-weight: 400;\"> que contiene el humo.<\/span><\/p><p><span style=\"font-weight: 400;\">A menudo <\/span><b>subestimado<\/b><span style=\"font-weight: 400;\">, este fen\u00f3meno puede tener, sin embargo, <\/span><b>consecuencias importantes para la salud de los ni\u00f1os<\/b><span style=\"font-weight: 400;\">. En este art\u00edculo, Reset Laser le explica <\/span><b>cu\u00e1les son las consecuencias del tabaquismo pasivo durante la infancia<\/b><span style=\"font-weight: 400;\"> y por qu\u00e9 es importante <\/span><b>proteger a los m\u00e1s peque\u00f1os<\/b><span style=\"font-weight: 400;\">.<\/span><\/p>\t\t\t\t\t\t\t\t<\/div>\n\t\t\t\t<\/div>\n\t\t\t\t<div class=\"elementor-element elementor-element-baea184 elementor-widget elementor-widget-heading\" data-id=\"baea184\" data-element_type=\"widget\" data-e-type=\"widget\" data-widget_type=\"heading.default\">\n\t\t\t\t<div class=\"elementor-widget-container\">\n\t\t\t\t\t<h2 class=\"elementor-heading-title elementor-size-default\">\u00bfQu\u00e9 es el tabaquismo pasivo durante la infancia?<\/h2>\t\t\t\t<\/div>\n\t\t\t\t<\/div>\n\t\t\t\t<div class=\"elementor-element elementor-element-76415bf8 elementor-invisible elementor-widget elementor-widget-text-editor\" data-id=\"76415bf8\" data-element_type=\"widget\" data-e-type=\"widget\" data-settings=\"{&quot;_animation&quot;:&quot;fadeInUp&quot;}\" data-widget_type=\"text-editor.default\">\n\t\t\t\t<div class=\"elementor-widget-container\">\n\t\t\t\t\t\t\t\t\t<p><span style=\"font-weight: 400;\">El <\/span><a href=\"https:\/\/resetlaser.com\/es\/cuales-son-los-efectos-del-tabaquismo-pasivo-en-sus-seres-queridos\/\"><b>tabaquismo pasivo<\/b><\/a><span style=\"font-weight: 400;\"> designa la <\/span><b>inhalaci\u00f3n de humo de cigarrillo por parte de una persona no fumadora<\/b><span style=\"font-weight: 400;\">. En los <\/span><b>ni\u00f1os<\/b><span style=\"font-weight: 400;\">, esta inhalaci\u00f3n involuntaria se produce con mayor frecuencia en casa, en el <\/span><b>coche<\/b><span style=\"font-weight: 400;\">, cerca de los <\/span><b>padres fumadores<\/b><span style=\"font-weight: 400;\"> o de un <\/span><b>entorno fumador<\/b><span style=\"font-weight: 400;\">.<\/span><\/p><p><span style=\"font-weight: 400;\">El problema: el humo del tabaco se propaga por el aire y contiene numerosas <\/span><b>sustancias t\u00f3xicas<\/b><span style=\"font-weight: 400;\">, algunas de ellas <\/span><b>cancer\u00edgenas<\/b><span style=\"font-weight: 400;\">. Incluso cuando usted no fuma, pueden permanecer <\/span><b>residuos de humo de segunda mano<\/b><span style=\"font-weight: 400;\"> en el entorno, como en la ropa y la piel, y seguir exponiendo al ni\u00f1o. Es lo que se llama tabaquismo de tercera mano.<\/span><\/p>\t\t\t\t\t\t\t\t<\/div>\n\t\t\t\t<\/div>\n\t\t\t\t<div class=\"elementor-element elementor-element-3c50c7c9 elementor-widget elementor-widget-image\" data-id=\"3c50c7c9\" data-element_type=\"widget\" data-e-type=\"widget\" data-widget_type=\"image.default\">\n\t\t\t\t<div class=\"elementor-widget-container\">\n\t\t\t\t\t\t\t\t\t\t\t\t\t\t\t<img decoding=\"async\" src=\"https:\/\/resetlaser.com\/wp-content\/uploads\/elementor\/thumbs\/tabagisme-passif-enfance-rklf2ri5jce2ruau4f0nut6pazaif2ndxrvxrxsrjk.png\" title=\"tabagisme-passif-enfance\" alt=\"Gros plan d&#039;une main tenant une cigarette allum\u00e9e dans l&#039;habitcle d&#039;une voiture, deux jeune enfants sur les si\u00e8ges arri\u00e8res.\" loading=\"lazy\" \/>\t\t\t\t\t\t\t\t\t\t\t\t\t\t\t<\/div>\n\t\t\t\t<\/div>\n\t\t\t\t<div class=\"elementor-element elementor-element-5f69a95e elementor-invisible elementor-widget elementor-widget-text-editor\" data-id=\"5f69a95e\" data-element_type=\"widget\" data-e-type=\"widget\" data-settings=\"{&quot;_animation&quot;:&quot;fadeInUp&quot;}\" data-widget_type=\"text-editor.default\">\n\t\t\t\t<div class=\"elementor-widget-container\">\n\t\t\t\t\t\t\t\t\t<h2><span style=\"font-weight: 400;\">\u00bfCu\u00e1l es el riesgo del tabaquismo pasivo durante la infancia?<\/span><\/h2><h3><span style=\"font-weight: 400;\">Un mayor riesgo de irritaciones<\/span><\/h3><p><span style=\"font-weight: 400;\">El <\/span><b>tabaquismo pasivo durante la infancia<\/b><span style=\"font-weight: 400;\"> provoca, en primer lugar, efectos inmediatos sobre las <\/span><b>v\u00edas respiratorias<\/b><span style=\"font-weight: 400;\">. El <\/span><b>humo del tabaco<\/b><span style=\"font-weight: 400;\"> puede irritar los <\/span><b>ojos<\/b><span style=\"font-weight: 400;\">, la <\/span><b>garganta<\/b><span style=\"font-weight: 400;\">, la <\/span><b>nariz<\/b><span style=\"font-weight: 400;\"> y los bronquios. En el ni\u00f1o, esto puede provocar una sensaci\u00f3n de incomodidad, <\/span><b>tos<\/b><span style=\"font-weight: 400;\">, picor de garganta o irritaci\u00f3n de las mucosas.<\/span><\/p><h3><span style=\"font-weight: 400;\">Enfermedades respiratorias y ORL frecuentes<\/span><\/h3><p><span style=\"font-weight: 400;\">Con el tiempo, la exposici\u00f3n al humo debilita los <\/span><b>pulmones<\/b><span style=\"font-weight: 400;\"> y mantiene una <\/span><b>inflamaci\u00f3n de las v\u00edas respiratorias<\/b><span style=\"font-weight: 400;\">. En los m\u00e1s peque\u00f1os, esto puede favorecer la aparici\u00f3n de <\/span><b>resfriados<\/b><span style=\"font-weight: 400;\">, <\/span><b>rinofaringitis<\/b><span style=\"font-weight: 400;\">, <\/span><b>otitis<\/b><span style=\"font-weight: 400;\">, pero tambi\u00e9n de enfermedades respiratorias m\u00e1s graves como la <\/span><b>bronquiolitis<\/b><span style=\"font-weight: 400;\">, la <\/span><b>bronquitis<\/b><span style=\"font-weight: 400;\">, la <\/span><b>neumon\u00eda<\/b><span style=\"font-weight: 400;\"> o el <\/span><b>asma<\/b><span style=\"font-weight: 400;\">.<\/span><\/p><p><span style=\"font-weight: 400;\">En los ni\u00f1os que ya son sensibles a nivel respiratorio, el humo tambi\u00e9n puede <\/span><b>agravar los s\u00edntomas existentes<\/b><span style=\"font-weight: 400;\">. Las <\/span><b>sibilancias<\/b><span style=\"font-weight: 400;\">, la <\/span><b>tos<\/b><span style=\"font-weight: 400;\"> y las <\/span><b>crisis de asma<\/b><span style=\"font-weight: 400;\"> suelen ser m\u00e1s frecuentes.<\/span><\/p><h3><span style=\"font-weight: 400;\">Un organismo m\u00e1s fr\u00e1gil ante las alergias<\/span><\/h3><p><span style=\"font-weight: 400;\">El humo tambi\u00e9n puede alterar el <\/span><b>sistema inmunitario<\/b><span style=\"font-weight: 400;\"> del ni\u00f1o y favorecer un terreno m\u00e1s inflamatorio. Con el tiempo, puede aumentar la sensibilidad a las infecciones y contribuir al desarrollo de ciertas <\/span><b>alergias<\/b><span style=\"font-weight: 400;\">, como el <\/span><b>eccema<\/b><span style=\"font-weight: 400;\">, la <\/span><b>rinitis al\u00e9rgica<\/b><span style=\"font-weight: 400;\"> o el <\/span><b>asma al\u00e9rgica<\/b><span style=\"font-weight: 400;\">.<\/span><\/p><h3><span style=\"font-weight: 400;\">Un ejemplo que puede favorecer el tabaquismo<\/span><\/h3><p><span style=\"font-weight: 400;\">Crecer en un entorno en el que el tabaco est\u00e1 presente puede influir tambi\u00e9n en los <\/span><b>comportamientos futuros<\/b><span style=\"font-weight: 400;\">. Los ni\u00f1os expuestos al tabaquismo en su entorno tienen un mayor riesgo de <\/span><b>considerar el cigarrillo como un h\u00e1bito normal<\/b><span style=\"font-weight: 400;\">. Limitar todo contacto permite, por tanto, <\/span><b>proteger su salud<\/b><span style=\"font-weight: 400;\">, pero tambi\u00e9n <\/span><b>reducir el riesgo de dependencia en la adolescencia y en la edad adulta<\/b><span style=\"font-weight: 400;\">.<\/span><\/p>\t\t\t\t\t\t\t\t<\/div>\n\t\t\t\t<\/div>\n\t\t\t\t<div class=\"elementor-element elementor-element-bc051b4 elementor-widget elementor-widget-image\" data-id=\"bc051b4\" data-element_type=\"widget\" data-e-type=\"widget\" data-widget_type=\"image.default\">\n\t\t\t\t<div class=\"elementor-widget-container\">\n\t\t\t\t\t\t\t\t\t\t\t\t\t\t\t<img decoding=\"async\" src=\"https:\/\/resetlaser.com\/wp-content\/uploads\/elementor\/thumbs\/effet-tabagisme-passif-bebe-rklf8tkpkwolldi2r1a3xa5n4dfo0up43r8l44tfg0.png\" title=\"effet-tabagisme-passif-bebe\" alt=\"effet-tabagisme-passif-bebe\" loading=\"lazy\" \/>\t\t\t\t\t\t\t\t\t\t\t\t\t\t\t<\/div>\n\t\t\t\t<\/div>\n\t\t\t\t\t<\/div>\n\t\t<\/div>\n\t\t\t\t\t<\/div>\n\t\t<\/section>\n\t\t\t\t<div class=\"elementor-element elementor-element-32f47bfe elementor-invisible elementor-widget elementor-widget-text-editor\" data-id=\"32f47bfe\" data-element_type=\"widget\" data-e-type=\"widget\" data-settings=\"{&quot;_animation&quot;:&quot;fadeInUp&quot;}\" data-widget_type=\"text-editor.default\">\n\t\t\t\t<div class=\"elementor-widget-container\">\n\t\t\t\t\t\t\t\t\t<h2><span style=\"font-weight: 400;\">\u00bfC\u00f3mo proteger a los ni\u00f1os del tabaquismo pasivo?<\/span><\/h2><h3><span style=\"font-weight: 400;\">Adoptar medidas de protecci\u00f3n en casa<\/span><\/h3><p><span style=\"font-weight: 400;\">La mejor manera de limitar el peligro del <\/span><b>tabaquismo pasivo durante la infancia<\/b><span style=\"font-weight: 400;\"> es reducir al m\u00e1ximo su exposici\u00f3n al <\/span><b>humo del tabaco<\/b><span style=\"font-weight: 400;\">. En la pr\u00e1ctica, esto pasa por algunas prohibiciones: <\/span><b>no fumar nunca dentro de la vivienda<\/b><span style=\"font-weight: 400;\"> y <\/span><b>no fumar en el coche<\/b><span style=\"font-weight: 400;\">, incluso cuando la ventanilla est\u00e9 abierta y sus hijos no est\u00e9n presentes.<\/span><\/p><p><span style=\"font-weight: 400;\">El humo del cigarrillo permanece mucho tiempo en el aire y puede impregnarse en los <\/span><b>tejidos<\/b><span style=\"font-weight: 400;\">, los <\/span><b>muebles<\/b><span style=\"font-weight: 400;\"> o la <\/span><b>ropa<\/b><span style=\"font-weight: 400;\">. Un ni\u00f1o puede, por tanto, seguir expuesto a los <\/span><b>productos nocivos<\/b><span style=\"font-weight: 400;\">, aunque usted no fume en su presencia. Para evitar cualquier impacto sobre su salud, es preferible evitar totalmente fumar en los espacios donde viven los ni\u00f1os y en los lugares que frecuentan habitualmente.<\/span><\/p><h3><span style=\"font-weight: 400;\">Evitar las situaciones de exposici\u00f3n<\/span><\/h3><p><span style=\"font-weight: 400;\">Algunas situaciones cotidianas tambi\u00e9n pueden favorecer la exposici\u00f3n de los m\u00e1s peque\u00f1os al humo del tabaco: los <\/span><b>lugares frecuentados por fumadores<\/b><span style=\"font-weight: 400;\">, las <\/span><b>reuniones familiares<\/b><span style=\"font-weight: 400;\"> o los <\/span><b>espacios p\u00fablicos<\/b><span style=\"font-weight: 400;\"> en los que varias personas fuman cerca. Estar atento al entorno en el que se desenvuelven permite, por tanto, <\/span><b>reducir el impacto sobre su salud<\/b><span style=\"font-weight: 400;\">.<\/span><\/p><h3><span style=\"font-weight: 400;\">La mejor prevenci\u00f3n: dejar de fumar<\/span><\/h3><p><span style=\"font-weight: 400;\">La soluci\u00f3n de protecci\u00f3n m\u00e1s eficaz sigue siendo, no obstante, <\/span><a href=\"https:\/\/resetlaser.com\/es\/adicciones\/deshabituacion-tabaquica\/\"><b>dejar de fumar<\/b><\/a><span style=\"font-weight: 400;\">. Al dejar de fumar, elimina la <\/span><b>principal fuente de exposici\u00f3n al humo en el entorno familiar<\/b><span style=\"font-weight: 400;\">.<\/span><\/p><p><span style=\"font-weight: 400;\">Dejar de fumar tambi\u00e9n permite <\/span><b>preservar la salud de toda la familia<\/b><span style=\"font-weight: 400;\"> y reducir los riesgos de numerosas <\/span><b>enfermedades relacionadas con el tabaco en los adultos<\/b><span style=\"font-weight: 400;\">. Es un paso importante para ofrecer a los ni\u00f1os un <\/span><b>entorno m\u00e1s sano<\/b><span style=\"font-weight: 400;\"> y protegerlos de forma duradera.<\/span><\/p>\t\t\t\t\t\t\t\t<\/div>\n\t\t\t\t<\/div>\n\t\t\t\t<section class=\"elementor-section elementor-inner-section elementor-element elementor-element-6e2af7a4 elementor-section-boxed elementor-section-height-default elementor-section-height-default\" data-id=\"6e2af7a4\" data-element_type=\"section\" data-e-type=\"section\">\n\t\t\t\t\t\t<div class=\"elementor-container elementor-column-gap-default\">\n\t\t\t\t\t<div class=\"elementor-column elementor-col-100 elementor-inner-column elementor-element elementor-element-3352ac09\" data-id=\"3352ac09\" data-element_type=\"column\" data-e-type=\"column\">\n\t\t\t<div class=\"elementor-widget-wrap\">\n\t\t\t\t\t\t\t<\/div>\n\t\t<\/div>\n\t\t\t\t\t<\/div>\n\t\t<\/section>\n\t\t\t\t\t<\/div>\n\t\t<\/div>\n\t\t\t\t\t<\/div>\n\t\t<\/section>\n\t\t\t\t<section class=\"elementor-section elementor-top-section elementor-element elementor-element-56162f04 elementor-section-stretched elementor-section-boxed elementor-section-height-default elementor-section-height-default\" data-id=\"56162f04\" data-element_type=\"section\" data-e-type=\"section\" data-settings=\"{&quot;stretch_section&quot;:&quot;section-stretched&quot;}\">\n\t\t\t\t\t\t\t<div class=\"elementor-background-overlay\"><\/div>\n\t\t\t\t\t\t\t<div class=\"elementor-container elementor-column-gap-default\">\n\t\t\t\t\t<div class=\"elementor-column elementor-col-100 elementor-top-column elementor-element elementor-element-37b9564c elementor-invisible\" data-id=\"37b9564c\" data-element_type=\"column\" data-e-type=\"column\" data-settings=\"{&quot;animation&quot;:&quot;fadeInUp&quot;,&quot;background_background&quot;:&quot;classic&quot;}\">\n\t\t\t<div class=\"elementor-widget-wrap elementor-element-populated\">\n\t\t\t\t\t\t<div class=\"elementor-element elementor-element-1ac45aa9 elementor-invisible elementor-widget elementor-widget-heading\" data-id=\"1ac45aa9\" data-element_type=\"widget\" data-e-type=\"widget\" data-settings=\"{&quot;_animation&quot;:&quot;fadeInUp&quot;}\" data-widget_type=\"heading.default\">\n\t\t\t\t<div class=\"elementor-widget-container\">\n\t\t\t\t\t<h2 class=\"elementor-heading-title elementor-size-xl\">Reset Laser: un m\u00e9todo suave para dejar de fumar<\/h2>\t\t\t\t<\/div>\n\t\t\t\t<\/div>\n\t\t\t\t<div class=\"elementor-element elementor-element-7a91bcd6 elementor-widget elementor-widget-text-editor\" data-id=\"7a91bcd6\" data-element_type=\"widget\" data-e-type=\"widget\" data-widget_type=\"text-editor.default\">\n\t\t\t\t<div class=\"elementor-widget-container\">\n\t\t\t\t\t\t\t\t\t<p><span style=\"font-weight: 400;\">Al <\/span><b>eliminar el cigarrillo de su vida cotidiana<\/b><span style=\"font-weight: 400;\">, suprime la principal fuente de humo de segunda mano en el entorno familiar. En <\/span><b>Reset Laser<\/b><span style=\"font-weight: 400;\">, le proponemos un <\/span><a href=\"https:\/\/resetlaser.com\/es\/metodo-de-dejar-de-fumar\/\"><b>m\u00e9todo natural de deshabituaci\u00f3n tab\u00e1quica<\/b><\/a><span style=\"font-weight: 400;\">, basado en la <\/span><b>auriculoterapia con l\u00e1ser<\/b><span style=\"font-weight: 400;\">. Al estimular puntos precisos situados en la oreja, esta sesi\u00f3n act\u00faa sobre los mecanismos implicados en la <\/span><b>dependencia a la nicotina<\/b><span style=\"font-weight: 400;\">. El proceso es <\/span><b>suave<\/b><span style=\"font-weight: 400;\">, <\/span><b>indoloro<\/b><span style=\"font-weight: 400;\">, <\/span><b>sin medicamentos<\/b><span style=\"font-weight: 400;\"> y <\/span><b>sin sustitutos de nicotina<\/b><span style=\"font-weight: 400;\">.<\/span><\/p>\t\t\t\t\t\t\t\t<\/div>\n\t\t\t\t<\/div>\n\t\t\t\t<div class=\"elementor-element elementor-element-6eb579aa elementor-align-center elementor-widget elementor-widget-button\" data-id=\"6eb579aa\" data-element_type=\"widget\" data-e-type=\"widget\" data-widget_type=\"button.default\">\n\t\t\t\t<div class=\"elementor-widget-container\">\n\t\t\t\t\t\t\t\t\t<div class=\"elementor-button-wrapper\">\n\t\t\t\t\t<a class=\"elementor-button elementor-button-link elementor-size-sm\" href=\"https:\/\/resetlaser.com\/es\/nuestros-centros-para-dejar-de-fumar\/\">\n\t\t\t\t\t\t<span class=\"elementor-button-content-wrapper\">\n\t\t\t\t\t\t<span class=\"elementor-button-icon\">\n\t\t\t\t<i aria-hidden=\"true\" class=\"far fa-calendar-plus\"><\/i>\t\t\t<\/span>\n\t\t\t\t\t\t\t\t\t<span class=\"elementor-button-text\">Pida cita<\/span>\n\t\t\t\t\t<\/span>\n\t\t\t\t\t<\/a>\n\t\t\t\t<\/div>\n\t\t\t\t\t\t\t\t<\/div>\n\t\t\t\t<\/div>\n\t\t\t\t\t<\/div>\n\t\t<\/div>\n\t\t\t\t\t<\/div>\n\t\t<\/section>\n\t\t\t\t<section class=\"elementor-section elementor-top-section elementor-element elementor-element-66987396 elementor-section-stretched elementor-section-boxed elementor-section-height-default elementor-section-height-default\" data-id=\"66987396\" data-element_type=\"section\" data-e-type=\"section\" data-settings=\"{&quot;stretch_section&quot;:&quot;section-stretched&quot;,&quot;background_background&quot;:&quot;classic&quot;}\">\n\t\t\t\t\t\t<div class=\"elementor-container elementor-column-gap-default\">\n\t\t\t\t\t<div class=\"elementor-column elementor-col-100 elementor-top-column elementor-element elementor-element-1e8951af\" data-id=\"1e8951af\" data-element_type=\"column\" data-e-type=\"column\">\n\t\t\t<div class=\"elementor-widget-wrap elementor-element-populated\">\n\t\t\t\t\t\t<div class=\"elementor-element elementor-element-2b498a5e elementor-invisible elementor-widget elementor-widget-heading\" data-id=\"2b498a5e\" data-element_type=\"widget\" data-e-type=\"widget\" data-settings=\"{&quot;_animation&quot;:&quot;fadeInUp&quot;}\" data-widget_type=\"heading.default\">\n\t\t\t\t<div class=\"elementor-widget-container\">\n\t\t\t\t\t<h2 class=\"elementor-heading-title elementor-size-default\">Por qu\u00e9 elegir RESET Laser Institute<\/h2>\t\t\t\t<\/div>\n\t\t\t\t<\/div>\n\t\t\t\t<div class=\"elementor-element elementor-element-6210a59a elementor-invisible elementor-widget elementor-widget-text-editor\" data-id=\"6210a59a\" data-element_type=\"widget\" data-e-type=\"widget\" data-settings=\"{&quot;_animation&quot;:&quot;fadeInUp&quot;}\" data-widget_type=\"text-editor.default\">\n\t\t\t\t<div class=\"elementor-widget-container\">\n\t\t\t\t\t\t\t\t\t<p>El mejor m\u00e9todo para <b>dejar de fumar<\/b><\/p>\t\t\t\t\t\t\t\t<\/div>\n\t\t\t\t<\/div>\n\t\t\t\t<section class=\"elementor-section elementor-inner-section elementor-element elementor-element-19785106 elementor-section-boxed elementor-section-height-default elementor-section-height-default\" data-id=\"19785106\" data-element_type=\"section\" data-e-type=\"section\">\n\t\t\t\t\t\t<div class=\"elementor-container elementor-column-gap-default\">\n\t\t\t\t\t<div class=\"elementor-column elementor-col-33 elementor-inner-column elementor-element elementor-element-28bfb688 elementor-invisible\" data-id=\"28bfb688\" data-element_type=\"column\" data-e-type=\"column\" data-settings=\"{&quot;animation&quot;:&quot;fadeInUp&quot;}\">\n\t\t\t<div class=\"elementor-widget-wrap elementor-element-populated\">\n\t\t\t\t\t\t<div class=\"elementor-element elementor-element-41795c59 elementor-position-inline-start elementor-view-default elementor-mobile-position-block-start elementor-invisible elementor-widget elementor-widget-icon-box\" data-id=\"41795c59\" data-element_type=\"widget\" data-e-type=\"widget\" data-settings=\"{&quot;_animation&quot;:&quot;fadeInUp&quot;}\" data-widget_type=\"icon-box.default\">\n\t\t\t\t<div class=\"elementor-widget-container\">\n\t\t\t\t\t\t\t<div class=\"elementor-icon-box-wrapper\">\n\n\t\t\t\t\t\t<div class=\"elementor-icon-box-icon\">\n\t\t\t\t<span  class=\"elementor-icon elementor-animation-grow\">\n\t\t\t\t<i aria-hidden=\"true\" class=\"fas fa-microscope\"><\/i>\t\t\t\t<\/span>\n\t\t\t<\/div>\n\t\t\t\n\t\t\t\t\t\t<div class=\"elementor-icon-box-content\">\n\n\t\t\t\t\t\t\t\t\t<h3 class=\"elementor-icon-box-title\">\n\t\t\t\t\t\t<span  >\n\t\t\t\t\t\t\tEspecialista\t\t\t\t\t\t<\/span>\n\t\t\t\t\t<\/h3>\n\t\t\t\t\n\t\t\t\t\t\t\t\t\t<p class=\"elementor-icon-box-description\">\n\t\t\t\t\t\tNuestros profesionales est\u00e1n formados para acompa\u00f1arle eficazmente en su proceso.\t\t\t\t\t<\/p>\n\t\t\t\t\n\t\t\t<\/div>\n\t\t\t\n\t\t<\/div>\n\t\t\t\t\t\t<\/div>\n\t\t\t\t<\/div>\n\t\t\t\t<div class=\"elementor-element elementor-element-4039fa9 elementor-position-inline-start elementor-view-default elementor-mobile-position-block-start elementor-invisible elementor-widget elementor-widget-icon-box\" data-id=\"4039fa9\" data-element_type=\"widget\" data-e-type=\"widget\" data-settings=\"{&quot;_animation&quot;:&quot;fadeInUp&quot;}\" data-widget_type=\"icon-box.default\">\n\t\t\t\t<div class=\"elementor-widget-container\">\n\t\t\t\t\t\t\t<div class=\"elementor-icon-box-wrapper\">\n\n\t\t\t\t\t\t<div class=\"elementor-icon-box-icon\">\n\t\t\t\t<span  class=\"elementor-icon elementor-animation-grow\">\n\t\t\t\t<i aria-hidden=\"true\" class=\"fas fa-chart-line\"><\/i>\t\t\t\t<\/span>\n\t\t\t<\/div>\n\t\t\t\n\t\t\t\t\t\t<div class=\"elementor-icon-box-content\">\n\n\t\t\t\t\t\t\t\t\t<h3 class=\"elementor-icon-box-title\">\n\t\t\t\t\t\t<span  >\n\t\t\t\t\t\t\tEficacia\t\t\t\t\t\t<\/span>\n\t\t\t\t\t<\/h3>\n\t\t\t\t\n\t\t\t\t\t\t\t\t\t<p class=\"elementor-icon-box-description\">\n\t\t\t\t\t\t<span>Las opiniones de nuestros clientes reflejan nuestro \u00e9xito. Nota 4,9\/5. <\/span>\t\t\t\t\t<\/p>\n\t\t\t\t\n\t\t\t<\/div>\n\t\t\t\n\t\t<\/div>\n\t\t\t\t\t\t<\/div>\n\t\t\t\t<\/div>\n\t\t\t\t<div class=\"elementor-element elementor-element-6fa0d544 elementor-position-inline-start elementor-view-default elementor-mobile-position-block-start elementor-invisible elementor-widget elementor-widget-icon-box\" data-id=\"6fa0d544\" data-element_type=\"widget\" data-e-type=\"widget\" data-settings=\"{&quot;_animation&quot;:&quot;fadeInUp&quot;}\" data-widget_type=\"icon-box.default\">\n\t\t\t\t<div class=\"elementor-widget-container\">\n\t\t\t\t\t\t\t<div class=\"elementor-icon-box-wrapper\">\n\n\t\t\t\t\t\t<div class=\"elementor-icon-box-icon\">\n\t\t\t\t<span  class=\"elementor-icon elementor-animation-grow\">\n\t\t\t\t<i aria-hidden=\"true\" class=\"fas fa-thumbs-up\"><\/i>\t\t\t\t<\/span>\n\t\t\t<\/div>\n\t\t\t\n\t\t\t\t\t\t<div class=\"elementor-icon-box-content\">\n\n\t\t\t\t\t\t\t\t\t<h3 class=\"elementor-icon-box-title\">\n\t\t\t\t\t\t<span  >\n\t\t\t\t\t\t\tIndoloro\t\t\t\t\t\t<\/span>\n\t\t\t\t\t<\/h3>\n\t\t\t\t\n\t\t\t\t\t\t\t\t\t<p class=\"elementor-icon-box-description\">\n\t\t\t\t\t\tNo invasivo y sin dolor, nuestro m\u00e9todo es accesible para todos.\t\t\t\t\t<\/p>\n\t\t\t\t\n\t\t\t<\/div>\n\t\t\t\n\t\t<\/div>\n\t\t\t\t\t\t<\/div>\n\t\t\t\t<\/div>\n\t\t\t\t\t<\/div>\n\t\t<\/div>\n\t\t\t\t<div class=\"elementor-column elementor-col-33 elementor-inner-column elementor-element elementor-element-40d04cc6 custom_flex_order elementor-invisible\" data-id=\"40d04cc6\" data-element_type=\"column\" data-e-type=\"column\" data-settings=\"{&quot;animation&quot;:&quot;fadeInUp&quot;,&quot;animation_delay&quot;:100}\">\n\t\t\t<div class=\"elementor-widget-wrap elementor-element-populated\">\n\t\t\t\t\t\t<div class=\"elementor-element elementor-element-488cdf63 elementor-invisible elementor-widget elementor-widget-image\" data-id=\"488cdf63\" data-element_type=\"widget\" data-e-type=\"widget\" data-settings=\"{&quot;_animation&quot;:&quot;fadeInUp&quot;}\" data-widget_type=\"image.default\">\n\t\t\t\t<div class=\"elementor-widget-container\">\n\t\t\t\t\t\t\t\t\t\t\t\t\t\t\t<img fetchpriority=\"high\" decoding=\"async\" width=\"370\" height=\"498\" src=\"https:\/\/resetlaser.com\/wp-content\/uploads\/2020\/11\/women-doctor-370x498-1.png\" class=\"attachment-full size-full wp-image-15307\" alt=\"\" srcset=\"https:\/\/resetlaser.com\/wp-content\/uploads\/2020\/11\/women-doctor-370x498-1.png 370w, https:\/\/resetlaser.com\/wp-content\/uploads\/2020\/11\/women-doctor-370x498-1-223x300.png 223w\" sizes=\"(max-width: 370px) 100vw, 370px\" \/>\t\t\t\t\t\t\t\t\t\t\t\t\t\t\t<\/div>\n\t\t\t\t<\/div>\n\t\t\t\t\t<\/div>\n\t\t<\/div>\n\t\t\t\t<div class=\"elementor-column elementor-col-33 elementor-inner-column elementor-element elementor-element-5d8e0ce8 elementor-invisible\" data-id=\"5d8e0ce8\" data-element_type=\"column\" data-e-type=\"column\" data-settings=\"{&quot;animation&quot;:&quot;fadeInUp&quot;,&quot;animation_delay&quot;:200}\">\n\t\t\t<div class=\"elementor-widget-wrap elementor-element-populated\">\n\t\t\t\t\t\t<div class=\"elementor-element elementor-element-54c755cb elementor-position-inline-start elementor-view-default elementor-mobile-position-block-start elementor-invisible elementor-widget elementor-widget-icon-box\" data-id=\"54c755cb\" data-element_type=\"widget\" data-e-type=\"widget\" data-settings=\"{&quot;_animation&quot;:&quot;fadeInUp&quot;}\" data-widget_type=\"icon-box.default\">\n\t\t\t\t<div class=\"elementor-widget-container\">\n\t\t\t\t\t\t\t<div class=\"elementor-icon-box-wrapper\">\n\n\t\t\t\t\t\t<div class=\"elementor-icon-box-icon\">\n\t\t\t\t<span  class=\"elementor-icon elementor-animation-grow\">\n\t\t\t\t<i aria-hidden=\"true\" class=\"fas fa-heartbeat\"><\/i>\t\t\t\t<\/span>\n\t\t\t<\/div>\n\t\t\t\n\t\t\t\t\t\t<div class=\"elementor-icon-box-content\">\n\n\t\t\t\t\t\t\t\t\t<h3 class=\"elementor-icon-box-title\">\n\t\t\t\t\t\t<span  >\n\t\t\t\t\t\t\tSin estr\u00e9s\t\t\t\t\t\t<\/span>\n\t\t\t\t\t<\/h3>\n\t\t\t\t\n\t\t\t\t\t\t\t\t\t<p class=\"elementor-icon-box-description\">\n\t\t\t\t\t\tSe libera de sus adicciones y deja de fumar sin aumento de peso, sin estr\u00e9s y sin compensaci\u00f3n.\t\t\t\t\t<\/p>\n\t\t\t\t\n\t\t\t<\/div>\n\t\t\t\n\t\t<\/div>\n\t\t\t\t\t\t<\/div>\n\t\t\t\t<\/div>\n\t\t\t\t<div class=\"elementor-element elementor-element-656c2225 elementor-position-inline-start elementor-view-default elementor-mobile-position-block-start elementor-invisible elementor-widget elementor-widget-icon-box\" data-id=\"656c2225\" data-element_type=\"widget\" data-e-type=\"widget\" data-settings=\"{&quot;_animation&quot;:&quot;fadeInUp&quot;}\" data-widget_type=\"icon-box.default\">\n\t\t\t\t<div class=\"elementor-widget-container\">\n\t\t\t\t\t\t\t<div class=\"elementor-icon-box-wrapper\">\n\n\t\t\t\t\t\t<div class=\"elementor-icon-box-icon\">\n\t\t\t\t<span  class=\"elementor-icon elementor-animation-grow\">\n\t\t\t\t<i aria-hidden=\"true\" class=\"far fa-eye\"><\/i>\t\t\t\t<\/span>\n\t\t\t<\/div>\n\t\t\t\n\t\t\t\t\t\t<div class=\"elementor-icon-box-content\">\n\n\t\t\t\t\t\t\t\t\t<h3 class=\"elementor-icon-box-title\">\n\t\t\t\t\t\t<span  >\n\t\t\t\t\t\t\tApoyo personalizado\t\t\t\t\t\t<\/span>\n\t\t\t\t\t<\/h3>\n\t\t\t\t\n\t\t\t\t\t\t\t\t\t<p class=\"elementor-icon-box-description\">\n\t\t\t\t\t\tPuesto que cada persona es diferente, le ofrecemos un apoyo personalizado.\t\t\t\t\t<\/p>\n\t\t\t\t\n\t\t\t<\/div>\n\t\t\t\n\t\t<\/div>\n\t\t\t\t\t\t<\/div>\n\t\t\t\t<\/div>\n\t\t\t\t<div class=\"elementor-element elementor-element-3ee71e59 elementor-position-inline-start elementor-view-default elementor-mobile-position-block-start elementor-invisible elementor-widget elementor-widget-icon-box\" data-id=\"3ee71e59\" data-element_type=\"widget\" data-e-type=\"widget\" data-settings=\"{&quot;_animation&quot;:&quot;fadeInUp&quot;}\" data-widget_type=\"icon-box.default\">\n\t\t\t\t<div class=\"elementor-widget-container\">\n\t\t\t\t\t\t\t<div class=\"elementor-icon-box-wrapper\">\n\n\t\t\t\t\t\t<div class=\"elementor-icon-box-icon\">\n\t\t\t\t<span  class=\"elementor-icon elementor-animation-grow\">\n\t\t\t\t<i aria-hidden=\"true\" class=\"fas fa-file-contract\"><\/i>\t\t\t\t<\/span>\n\t\t\t<\/div>\n\t\t\t\n\t\t\t\t\t\t<div class=\"elementor-icon-box-content\">\n\n\t\t\t\t\t\t\t\t\t<h3 class=\"elementor-icon-box-title\">\n\t\t\t\t\t\t<span  >\n\t\t\t\t\t\t\tGarant\u00eda 1 a\u00f1o\t\t\t\t\t\t<\/span>\n\t\t\t\t\t<\/h3>\n\t\t\t\t\n\t\t\t\t\t\t\t\t\t<p class=\"elementor-icon-box-description\">\n\t\t\t\t\t\tSeguros de la eficacia de nuestra t\u00e9cnica, garantizamos nuestra laserterapia durante 1 a\u00f1o en caso de reca\u00edda.\t\t\t\t\t<\/p>\n\t\t\t\t\n\t\t\t<\/div>\n\t\t\t\n\t\t<\/div>\n\t\t\t\t\t\t<\/div>\n\t\t\t\t<\/div>\n\t\t\t\t\t<\/div>\n\t\t<\/div>\n\t\t\t\t\t<\/div>\n\t\t<\/section>\n\t\t\t\t\t<\/div>\n\t\t<\/div>\n\t\t\t\t\t<\/div>\n\t\t<\/section>\n\t\t\t\t<section class=\"elementor-section elementor-top-section elementor-element elementor-element-62ea3248 elementor-section-content-middle elementor-section-boxed elementor-section-height-default elementor-section-height-default\" data-id=\"62ea3248\" data-element_type=\"section\" data-e-type=\"section\" data-settings=\"{&quot;background_background&quot;:&quot;classic&quot;}\">\n\t\t\t\t\t\t\t<div class=\"elementor-background-overlay\"><\/div>\n\t\t\t\t\t\t\t<div class=\"elementor-container elementor-column-gap-wide\">\n\t\t\t\t\t<div class=\"elementor-column elementor-col-100 elementor-top-column elementor-element elementor-element-44060a9a\" data-id=\"44060a9a\" data-element_type=\"column\" data-e-type=\"column\">\n\t\t\t<div class=\"elementor-widget-wrap elementor-element-populated\">\n\t\t\t\t\t\t<div class=\"elementor-element elementor-element-61753ddc elementor-invisible elementor-widget elementor-widget-heading\" data-id=\"61753ddc\" data-element_type=\"widget\" data-e-type=\"widget\" data-settings=\"{&quot;_animation&quot;:&quot;fadeIn&quot;,&quot;_animation_delay&quot;:100}\" data-widget_type=\"heading.default\">\n\t\t\t\t<div class=\"elementor-widget-container\">\n\t\t\t\t\t<h2 class=\"elementor-heading-title elementor-size-default\">Nuestros clientes recomiendan Reset Laser Institute<\/h2>\t\t\t\t<\/div>\n\t\t\t\t<\/div>\n\t\t\t\t<div class=\"elementor-element elementor-element-1d707ce elementor-widget elementor-widget-shortcode\" data-id=\"1d707ce\" data-element_type=\"widget\" data-e-type=\"widget\" data-widget_type=\"shortcode.default\">\n\t\t\t\t<div class=\"elementor-widget-container\">\n\t\t\t\t\t\t\t<div class=\"elementor-shortcode\"><div data-src=\"https:\/\/cdn.trustindex.io\/loader.js?5bdb67650a747738c1568c35c8\"><\/div><\/div>\n\t\t\t\t\t\t<\/div>\n\t\t\t\t<\/div>\n\t\t\t\t\t<\/div>\n\t\t<\/div>\n\t\t\t\t\t<\/div>\n\t\t<\/section>\n\t\t\t\t<\/div>\n\t\t","protected":false},"excerpt":{"rendered":"<p>El tabaquismo pasivo durante la infancia debilita la salud. Aprenda a proteger a su hijo de sus efectos nocivos en el d\u00eda a d\u00eda.<\/p>\n","protected":false},"author":13,"featured_media":15458,"comment_status":"closed","ping_status":"closed","sticky":false,"template":"","format":"standard","meta":{"_kad_post_transparent":"","_kad_post_title":"","_kad_post_layout":"","_kad_post_sidebar_id":"","_kad_post_content_style":"","_kad_post_vertical_padding":"","_kad_post_feature":"","_kad_post_feature_position":"","_kad_post_header":false,"_kad_post_footer":false,"footnotes":""},"categories":[43],"tags":[],"class_list":["post-15457","post","type-post","status-publish","format-standard","has-post-thumbnail","hentry","category-blog"],"yoast_head":"<!-- This site is optimized with the Yoast SEO plugin v27.4 - https:\/\/yoast.com\/product\/yoast-seo-wordpress\/ -->\n<title>Tabaquismo pasivo durante la infancia: riesgos y prevenci\u00f3n<\/title>\n<meta name=\"description\" content=\"Proteja a su hijo del tabaquismo pasivo: descubra sus consecuencias para la salud y los gestos a adoptar para reducir la exposici\u00f3n.\" \/>\n<meta name=\"robots\" content=\"index, follow, max-snippet:-1, max-image-preview:large, max-video-preview:-1\" \/>\n<link rel=\"canonical\" href=\"https:\/\/resetlaser.com\/es\/tabaquismo-pasivo-infancia\/\" \/>\n<meta property=\"og:locale\" content=\"es_ES\" \/>\n<meta property=\"og:type\" content=\"article\" \/>\n<meta property=\"og:title\" content=\"Tabaquismo pasivo durante la infancia: riesgos y prevenci\u00f3n\" \/>\n<meta property=\"og:description\" content=\"Proteja a su hijo del tabaquismo pasivo: descubra sus consecuencias para la salud y los gestos a adoptar para reducir la exposici\u00f3n.\" \/>\n<meta property=\"og:url\" content=\"https:\/\/resetlaser.com\/es\/tabaquismo-pasivo-infancia\/\" \/>\n<meta property=\"og:site_name\" content=\"Resetlaser\" \/>\n<meta property=\"article:published_time\" content=\"2026-03-16T13:24:39+00:00\" \/>\n<meta property=\"article:modified_time\" content=\"2026-04-28T14:03:21+00:00\" \/>\n<meta property=\"og:image\" content=\"https:\/\/resetlaser.com\/wp-content\/uploads\/2026\/03\/tabagisme-passif-enfance.png\" \/>\n\t<meta property=\"og:image:width\" content=\"999\" \/>\n\t<meta property=\"og:image:height\" content=\"665\" \/>\n\t<meta property=\"og:image:type\" content=\"image\/png\" \/>\n<meta name=\"author\" content=\"Aliz\u00e9e Legros\" \/>\n<meta name=\"twitter:card\" content=\"summary_large_image\" \/>\n<meta name=\"twitter:label1\" content=\"Escrito por\" \/>\n\t<meta name=\"twitter:data1\" content=\"Aliz\u00e9e Legros\" \/>\n\t<meta name=\"twitter:label2\" content=\"Tiempo de lectura\" \/>\n\t<meta name=\"twitter:data2\" content=\"5 minutos\" \/>\n<script type=\"application\/ld+json\" class=\"yoast-schema-graph\">{\"@context\":\"https:\\\/\\\/schema.org\",\"@graph\":[{\"@type\":\"Article\",\"@id\":\"https:\\\/\\\/resetlaser.com\\\/es\\\/tabaquismo-pasivo-infancia\\\/#article\",\"isPartOf\":{\"@id\":\"https:\\\/\\\/resetlaser.com\\\/es\\\/tabaquismo-pasivo-infancia\\\/\"},\"author\":{\"name\":\"Aliz\u00e9e Legros\",\"@id\":\"https:\\\/\\\/resetlaser.com\\\/es\\\/#\\\/schema\\\/person\\\/46391e22f1250e1cdfb95495bdc3955b\"},\"headline\":\"\u00bfCu\u00e1les son las consecuencias del tabaquismo pasivo durante la infancia?\",\"datePublished\":\"2026-03-16T13:24:39+00:00\",\"dateModified\":\"2026-04-28T14:03:21+00:00\",\"mainEntityOfPage\":{\"@id\":\"https:\\\/\\\/resetlaser.com\\\/es\\\/tabaquismo-pasivo-infancia\\\/\"},\"wordCount\":1041,\"publisher\":{\"@id\":\"https:\\\/\\\/resetlaser.com\\\/es\\\/#organization\"},\"image\":{\"@id\":\"https:\\\/\\\/resetlaser.com\\\/es\\\/tabaquismo-pasivo-infancia\\\/#primaryimage\"},\"thumbnailUrl\":\"https:\\\/\\\/resetlaser.com\\\/wp-content\\\/uploads\\\/2026\\\/03\\\/tabagisme-passif-enfance.png\",\"articleSection\":[\"Blog\"],\"inLanguage\":\"es\"},{\"@type\":\"WebPage\",\"@id\":\"https:\\\/\\\/resetlaser.com\\\/es\\\/tabaquismo-pasivo-infancia\\\/\",\"url\":\"https:\\\/\\\/resetlaser.com\\\/es\\\/tabaquismo-pasivo-infancia\\\/\",\"name\":\"Tabaquismo pasivo durante la infancia: riesgos y prevenci\u00f3n\",\"isPartOf\":{\"@id\":\"https:\\\/\\\/resetlaser.com\\\/es\\\/#website\"},\"primaryImageOfPage\":{\"@id\":\"https:\\\/\\\/resetlaser.com\\\/es\\\/tabaquismo-pasivo-infancia\\\/#primaryimage\"},\"image\":{\"@id\":\"https:\\\/\\\/resetlaser.com\\\/es\\\/tabaquismo-pasivo-infancia\\\/#primaryimage\"},\"thumbnailUrl\":\"https:\\\/\\\/resetlaser.com\\\/wp-content\\\/uploads\\\/2026\\\/03\\\/tabagisme-passif-enfance.png\",\"datePublished\":\"2026-03-16T13:24:39+00:00\",\"dateModified\":\"2026-04-28T14:03:21+00:00\",\"description\":\"Proteja a su hijo del tabaquismo pasivo: descubra sus consecuencias para la salud y los gestos a adoptar para reducir la exposici\u00f3n.\",\"breadcrumb\":{\"@id\":\"https:\\\/\\\/resetlaser.com\\\/es\\\/tabaquismo-pasivo-infancia\\\/#breadcrumb\"},\"inLanguage\":\"es\",\"potentialAction\":[{\"@type\":\"ReadAction\",\"target\":[\"https:\\\/\\\/resetlaser.com\\\/es\\\/tabaquismo-pasivo-infancia\\\/\"]}]},{\"@type\":\"ImageObject\",\"inLanguage\":\"es\",\"@id\":\"https:\\\/\\\/resetlaser.com\\\/es\\\/tabaquismo-pasivo-infancia\\\/#primaryimage\",\"url\":\"https:\\\/\\\/resetlaser.com\\\/wp-content\\\/uploads\\\/2026\\\/03\\\/tabagisme-passif-enfance.png\",\"contentUrl\":\"https:\\\/\\\/resetlaser.com\\\/wp-content\\\/uploads\\\/2026\\\/03\\\/tabagisme-passif-enfance.png\",\"width\":999,\"height\":665,\"caption\":\"Gros plan d'une main tenant une cigarette allum\u00e9e dans l'habitcle d'une voiture, deux jeune enfants sur les si\u00e8ges arri\u00e8res.\"},{\"@type\":\"BreadcrumbList\",\"@id\":\"https:\\\/\\\/resetlaser.com\\\/es\\\/tabaquismo-pasivo-infancia\\\/#breadcrumb\",\"itemListElement\":[{\"@type\":\"ListItem\",\"position\":1,\"name\":\"Accueil\",\"item\":\"https:\\\/\\\/resetlaser.com\\\/es\\\/\"},{\"@type\":\"ListItem\",\"position\":2,\"name\":\"\u00bfCu\u00e1les son las consecuencias del tabaquismo pasivo durante la infancia?\"}]},{\"@type\":\"WebSite\",\"@id\":\"https:\\\/\\\/resetlaser.com\\\/es\\\/#website\",\"url\":\"https:\\\/\\\/resetlaser.com\\\/es\\\/\",\"name\":\"Resetlaser\",\"description\":\"\",\"publisher\":{\"@id\":\"https:\\\/\\\/resetlaser.com\\\/es\\\/#organization\"},\"potentialAction\":[{\"@type\":\"SearchAction\",\"target\":{\"@type\":\"EntryPoint\",\"urlTemplate\":\"https:\\\/\\\/resetlaser.com\\\/es\\\/?s={search_term_string}\"},\"query-input\":{\"@type\":\"PropertyValueSpecification\",\"valueRequired\":true,\"valueName\":\"search_term_string\"}}],\"inLanguage\":\"es\"},{\"@type\":\"Organization\",\"@id\":\"https:\\\/\\\/resetlaser.com\\\/es\\\/#organization\",\"name\":\"Resetlaser\",\"url\":\"https:\\\/\\\/resetlaser.com\\\/es\\\/\",\"logo\":{\"@type\":\"ImageObject\",\"inLanguage\":\"es\",\"@id\":\"https:\\\/\\\/resetlaser.com\\\/es\\\/#\\\/schema\\\/logo\\\/image\\\/\",\"url\":\"https:\\\/\\\/resetlaser.com\\\/wp-content\\\/uploads\\\/2024\\\/03\\\/cropped-new-logo-couleur2024.png\",\"contentUrl\":\"https:\\\/\\\/resetlaser.com\\\/wp-content\\\/uploads\\\/2024\\\/03\\\/cropped-new-logo-couleur2024.png\",\"width\":600,\"height\":150,\"caption\":\"Resetlaser\"},\"image\":{\"@id\":\"https:\\\/\\\/resetlaser.com\\\/es\\\/#\\\/schema\\\/logo\\\/image\\\/\"}},{\"@type\":\"Person\",\"@id\":\"https:\\\/\\\/resetlaser.com\\\/es\\\/#\\\/schema\\\/person\\\/46391e22f1250e1cdfb95495bdc3955b\",\"name\":\"Aliz\u00e9e Legros\",\"url\":\"https:\\\/\\\/resetlaser.com\\\/es\\\/author\\\/olivier\\\/\"}]}<\/script>\n<!-- \/ Yoast SEO plugin. -->","yoast_head_json":{"title":"Tabaquismo pasivo durante la infancia: riesgos y prevenci\u00f3n","description":"Proteja a su hijo del tabaquismo pasivo: descubra sus consecuencias para la salud y los gestos a adoptar para reducir la exposici\u00f3n.","robots":{"index":"index","follow":"follow","max-snippet":"max-snippet:-1","max-image-preview":"max-image-preview:large","max-video-preview":"max-video-preview:-1"},"canonical":"https:\/\/resetlaser.com\/es\/tabaquismo-pasivo-infancia\/","og_locale":"es_ES","og_type":"article","og_title":"Tabaquismo pasivo durante la infancia: riesgos y prevenci\u00f3n","og_description":"Proteja a su hijo del tabaquismo pasivo: descubra sus consecuencias para la salud y los gestos a adoptar para reducir la exposici\u00f3n.","og_url":"https:\/\/resetlaser.com\/es\/tabaquismo-pasivo-infancia\/","og_site_name":"Resetlaser","article_published_time":"2026-03-16T13:24:39+00:00","article_modified_time":"2026-04-28T14:03:21+00:00","og_image":[{"width":999,"height":665,"url":"https:\/\/resetlaser.com\/wp-content\/uploads\/2026\/03\/tabagisme-passif-enfance.png","type":"image\/png"}],"author":"Aliz\u00e9e Legros","twitter_card":"summary_large_image","twitter_misc":{"Escrito por":"Aliz\u00e9e Legros","Tiempo de lectura":"5 minutos"},"schema":{"@context":"https:\/\/schema.org","@graph":[{"@type":"Article","@id":"https:\/\/resetlaser.com\/es\/tabaquismo-pasivo-infancia\/#article","isPartOf":{"@id":"https:\/\/resetlaser.com\/es\/tabaquismo-pasivo-infancia\/"},"author":{"name":"Aliz\u00e9e Legros","@id":"https:\/\/resetlaser.com\/es\/#\/schema\/person\/46391e22f1250e1cdfb95495bdc3955b"},"headline":"\u00bfCu\u00e1les son las consecuencias del tabaquismo pasivo durante la infancia?","datePublished":"2026-03-16T13:24:39+00:00","dateModified":"2026-04-28T14:03:21+00:00","mainEntityOfPage":{"@id":"https:\/\/resetlaser.com\/es\/tabaquismo-pasivo-infancia\/"},"wordCount":1041,"publisher":{"@id":"https:\/\/resetlaser.com\/es\/#organization"},"image":{"@id":"https:\/\/resetlaser.com\/es\/tabaquismo-pasivo-infancia\/#primaryimage"},"thumbnailUrl":"https:\/\/resetlaser.com\/wp-content\/uploads\/2026\/03\/tabagisme-passif-enfance.png","articleSection":["Blog"],"inLanguage":"es"},{"@type":"WebPage","@id":"https:\/\/resetlaser.com\/es\/tabaquismo-pasivo-infancia\/","url":"https:\/\/resetlaser.com\/es\/tabaquismo-pasivo-infancia\/","name":"Tabaquismo pasivo durante la infancia: riesgos y prevenci\u00f3n","isPartOf":{"@id":"https:\/\/resetlaser.com\/es\/#website"},"primaryImageOfPage":{"@id":"https:\/\/resetlaser.com\/es\/tabaquismo-pasivo-infancia\/#primaryimage"},"image":{"@id":"https:\/\/resetlaser.com\/es\/tabaquismo-pasivo-infancia\/#primaryimage"},"thumbnailUrl":"https:\/\/resetlaser.com\/wp-content\/uploads\/2026\/03\/tabagisme-passif-enfance.png","datePublished":"2026-03-16T13:24:39+00:00","dateModified":"2026-04-28T14:03:21+00:00","description":"Proteja a su hijo del tabaquismo pasivo: descubra sus consecuencias para la salud y los gestos a adoptar para reducir la exposici\u00f3n.","breadcrumb":{"@id":"https:\/\/resetlaser.com\/es\/tabaquismo-pasivo-infancia\/#breadcrumb"},"inLanguage":"es","potentialAction":[{"@type":"ReadAction","target":["https:\/\/resetlaser.com\/es\/tabaquismo-pasivo-infancia\/"]}]},{"@type":"ImageObject","inLanguage":"es","@id":"https:\/\/resetlaser.com\/es\/tabaquismo-pasivo-infancia\/#primaryimage","url":"https:\/\/resetlaser.com\/wp-content\/uploads\/2026\/03\/tabagisme-passif-enfance.png","contentUrl":"https:\/\/resetlaser.com\/wp-content\/uploads\/2026\/03\/tabagisme-passif-enfance.png","width":999,"height":665,"caption":"Gros plan d'une main tenant une cigarette allum\u00e9e dans l'habitcle d'une voiture, deux jeune enfants sur les si\u00e8ges arri\u00e8res."},{"@type":"BreadcrumbList","@id":"https:\/\/resetlaser.com\/es\/tabaquismo-pasivo-infancia\/#breadcrumb","itemListElement":[{"@type":"ListItem","position":1,"name":"Accueil","item":"https:\/\/resetlaser.com\/es\/"},{"@type":"ListItem","position":2,"name":"\u00bfCu\u00e1les son las consecuencias del tabaquismo pasivo durante la infancia?"}]},{"@type":"WebSite","@id":"https:\/\/resetlaser.com\/es\/#website","url":"https:\/\/resetlaser.com\/es\/","name":"Resetlaser","description":"","publisher":{"@id":"https:\/\/resetlaser.com\/es\/#organization"},"potentialAction":[{"@type":"SearchAction","target":{"@type":"EntryPoint","urlTemplate":"https:\/\/resetlaser.com\/es\/?s={search_term_string}"},"query-input":{"@type":"PropertyValueSpecification","valueRequired":true,"valueName":"search_term_string"}}],"inLanguage":"es"},{"@type":"Organization","@id":"https:\/\/resetlaser.com\/es\/#organization","name":"Resetlaser","url":"https:\/\/resetlaser.com\/es\/","logo":{"@type":"ImageObject","inLanguage":"es","@id":"https:\/\/resetlaser.com\/es\/#\/schema\/logo\/image\/","url":"https:\/\/resetlaser.com\/wp-content\/uploads\/2024\/03\/cropped-new-logo-couleur2024.png","contentUrl":"https:\/\/resetlaser.com\/wp-content\/uploads\/2024\/03\/cropped-new-logo-couleur2024.png","width":600,"height":150,"caption":"Resetlaser"},"image":{"@id":"https:\/\/resetlaser.com\/es\/#\/schema\/logo\/image\/"}},{"@type":"Person","@id":"https:\/\/resetlaser.com\/es\/#\/schema\/person\/46391e22f1250e1cdfb95495bdc3955b","name":"Aliz\u00e9e Legros","url":"https:\/\/resetlaser.com\/es\/author\/olivier\/"}]}},"_links":{"self":[{"href":"https:\/\/resetlaser.com\/es\/wp-json\/wp\/v2\/posts\/15457","targetHints":{"allow":["GET"]}}],"collection":[{"href":"https:\/\/resetlaser.com\/es\/wp-json\/wp\/v2\/posts"}],"about":[{"href":"https:\/\/resetlaser.com\/es\/wp-json\/wp\/v2\/types\/post"}],"author":[{"embeddable":true,"href":"https:\/\/resetlaser.com\/es\/wp-json\/wp\/v2\/users\/13"}],"replies":[{"embeddable":true,"href":"https:\/\/resetlaser.com\/es\/wp-json\/wp\/v2\/comments?post=15457"}],"version-history":[{"count":4,"href":"https:\/\/resetlaser.com\/es\/wp-json\/wp\/v2\/posts\/15457\/revisions"}],"predecessor-version":[{"id":15464,"href":"https:\/\/resetlaser.com\/es\/wp-json\/wp\/v2\/posts\/15457\/revisions\/15464"}],"wp:featuredmedia":[{"embeddable":true,"href":"https:\/\/resetlaser.com\/es\/wp-json\/wp\/v2\/media\/15458"}],"wp:attachment":[{"href":"https:\/\/resetlaser.com\/es\/wp-json\/wp\/v2\/media?parent=15457"}],"wp:term":[{"taxonomy":"category","embeddable":true,"href":"https:\/\/resetlaser.com\/es\/wp-json\/wp\/v2\/categories?post=15457"},{"taxonomy":"post_tag","embeddable":true,"href":"https:\/\/resetlaser.com\/es\/wp-json\/wp\/v2\/tags?post=15457"}],"curies":[{"name":"wp","href":"https:\/\/api.w.org\/{rel}","templated":true}]}}